{"id":9358,"date":"2018-10-21T07:53:50","date_gmt":"2018-10-20T18:53:50","guid":{"rendered":"http:\/\/www.tonywhitehead.com\/wildlight\/?p=9358"},"modified":"2018-10-21T07:53:50","modified_gmt":"2018-10-20T18:53:50","slug":"bird-of-the-year-2018-kereru","status":"publish","type":"post","link":"https:\/\/www.tonywhitehead.com\/wildlight\/archives\/9358","title":{"rendered":"Bird of the Year 2018 &#8211; Kereru"},"content":{"rendered":"<figure id=\"attachment_9192\" aria-describedby=\"caption-attachment-9192\" style=\"width: 960px\" class=\"wp-caption alignnone\"><a href=\"https:\/\/i0.wp.com\/www.tonywhitehead.com\/wildlight\/wp-content\/uploads\/2018\/07\/Kereru-DSC_5820-weblogo.jpg?ssl=1\"><img data-recalc-dims=\"1\" loading=\"lazy\" decoding=\"async\" class=\"size-full wp-image-9192\" src=\"https:\/\/i0.wp.com\/www.tonywhitehead.com\/wildlight\/wp-content\/uploads\/2018\/07\/Kereru-DSC_5820-weblogo.jpg?resize=960%2C640&#038;ssl=1\" alt=\"\" width=\"960\" height=\"640\" srcset=\"https:\/\/i0.wp.com\/www.tonywhitehead.com\/wildlight\/wp-content\/uploads\/2018\/07\/Kereru-DSC_5820-weblogo.jpg?w=960&amp;ssl=1 960w, https:\/\/i0.wp.com\/www.tonywhitehead.com\/wildlight\/wp-content\/uploads\/2018\/07\/Kereru-DSC_5820-weblogo.jpg?resize=300%2C200&amp;ssl=1 300w, https:\/\/i0.wp.com\/www.tonywhitehead.com\/wildlight\/wp-content\/uploads\/2018\/07\/Kereru-DSC_5820-weblogo.jpg?resize=768%2C512&amp;ssl=1 768w\" sizes=\"auto, (max-width: 960px) 100vw, 960px\" \/><\/a><figcaption id=\"caption-attachment-9192\" class=\"wp-caption-text\">New Zealand Pigeon \/ Kereru<\/figcaption><\/figure>\n<p>Last weekend the annual Bird of the Year vote concluded with the New Zealand Pigeon\/Kereru taking the top spot for 2018 and dethroning the <a href=\"https:\/\/www.tonywhitehead.com\/wildlight\/2017\/11\/kea\/\" target=\"_blank\" rel=\"noopener\">Kea<\/a> which was winner in 2017. Bird of the Year is run by <a href=\"https:\/\/www.forestandbird.org.nz\/\" target=\"_blank\" rel=\"noopener\">Forest and Bird<\/a> to raise awareness of New Zealand birds and their habitat. A significant number of our endemic species are under threat due to habitat loss and predation by introduced predators.<\/p>\n<figure id=\"attachment_1631\" aria-describedby=\"caption-attachment-1631\" style=\"width: 800px\" class=\"wp-caption alignnone\"><a href=\"https:\/\/i0.wp.com\/www.tonywhitehead.com\/wildlight\/wp-content\/uploads\/2014\/09\/Kereru_D3S3362-web.jpg?ssl=1\"><img data-recalc-dims=\"1\" loading=\"lazy\" decoding=\"async\" class=\"size-full wp-image-1631\" src=\"https:\/\/i0.wp.com\/www.tonywhitehead.com\/wildlight\/wp-content\/uploads\/2014\/09\/Kereru_D3S3362-web.jpg?resize=800%2C534&#038;ssl=1\" alt=\"\" width=\"800\" height=\"534\" srcset=\"https:\/\/i0.wp.com\/www.tonywhitehead.com\/wildlight\/wp-content\/uploads\/2014\/09\/Kereru_D3S3362-web.jpg?w=800&amp;ssl=1 800w, https:\/\/i0.wp.com\/www.tonywhitehead.com\/wildlight\/wp-content\/uploads\/2014\/09\/Kereru_D3S3362-web.jpg?resize=300%2C200&amp;ssl=1 300w\" sizes=\"auto, (max-width: 800px) 100vw, 800px\" \/><\/a><figcaption id=\"caption-attachment-1631\" class=\"wp-caption-text\">Kereru in flight<\/figcaption><\/figure>\n<p>It seems fitting that Kereru have been selected a Bird of the Year as they have been in the media recently with some proposing that they have their protected status removed so that they can be harvested for food. Traditionally Kereru were an important food source for Maori and some believe that it has special healing properties which can help ailing people recover their health. This results in some <a href=\"https:\/\/www.nzherald.co.nz\/nz\/news\/article.cfm?c_id=1&amp;objectid=3551315\" target=\"_blank\" rel=\"noopener\">illegal hunting<\/a> which is one of the threats it faces. Compared to many other native birds it is not endangered and is a relatively common sight. Introduced mammals, especially possums, rats, stoats and feral cats are it&#8217;s main threats especially when nesting.<\/p>\n<figure id=\"attachment_1551\" aria-describedby=\"caption-attachment-1551\" style=\"width: 800px\" class=\"wp-caption alignnone\"><a href=\"https:\/\/i0.wp.com\/www.tonywhitehead.com\/wildlight\/wp-content\/uploads\/2014\/08\/Kereru_D808938-web.jpg?ssl=1\"><img data-recalc-dims=\"1\" loading=\"lazy\" decoding=\"async\" class=\"size-full wp-image-1551\" src=\"https:\/\/i0.wp.com\/www.tonywhitehead.com\/wildlight\/wp-content\/uploads\/2014\/08\/Kereru_D808938-web.jpg?resize=800%2C534&#038;ssl=1\" alt=\"\" width=\"800\" height=\"534\" srcset=\"https:\/\/i0.wp.com\/www.tonywhitehead.com\/wildlight\/wp-content\/uploads\/2014\/08\/Kereru_D808938-web.jpg?w=800&amp;ssl=1 800w, https:\/\/i0.wp.com\/www.tonywhitehead.com\/wildlight\/wp-content\/uploads\/2014\/08\/Kereru_D808938-web.jpg?resize=300%2C200&amp;ssl=1 300w\" sizes=\"auto, (max-width: 800px) 100vw, 800px\" \/><\/a><figcaption id=\"caption-attachment-1551\" class=\"wp-caption-text\">Pigeon feeding on Tree Lucerne<\/figcaption><\/figure>\n<p>Kereru can travel quite large distances for seasonal food sources and are an important mechanism for seed dispersal and native plant&nbsp;revegetation. They can be very fixated when feeding, allowing close approach. They also can become inebriated when gorging on fermented fruit. This can resut in some comical performances of staggering birds who have fallen out of their tree.<\/p>\n<p class=\"responsive-video-wrap clr\"><iframe loading=\"lazy\" title=\"New Zealand Crowns \u2018Drunk\u2019 Pigeon Bird Of The Year\" width=\"1200\" height=\"675\" src=\"https:\/\/www.youtube.com\/embed\/dlLvgpEStX8?feature=oembed\" frameborder=\"0\" allow=\"accelerometer; autoplay; clipboard-write; encrypted-media; gyroscope; picture-in-picture\" allowfullscreen><\/iframe><\/p>\n<p>&nbsp;<\/p>\n<p>Photos with Nikon 500mm f4 VR lens and Nikon D500 or D3s<\/p>\n","protected":false},"excerpt":{"rendered":"<p>Last weekend the annual Bird of the Year vote concluded with the New Zealand Pigeon\/Kereru taking the top spot for 2018 and dethroning the Kea which was winner in 2017. Bird of the Year is run by Forest and Bird to raise awareness of New Zealand birds and their habitat. A significant number of our [&hellip;]<\/p>\n","protected":false},"author":1,"featured_media":1631,"comment_status":"open","ping_status":"open","sticky":false,"template":"","format":"standard","meta":{"ngg_post_thumbnail":0,"jetpack_post_was_ever_published":false,"footnotes":"","jetpack_publicize_message":"","jetpack_publicize_feature_enabled":true,"jetpack_social_post_already_shared":true,"jetpack_social_options":{"image_generator_settings":{"template":"highway","default_image_id":0,"font":"","enabled":false},"version":2}},"categories":[3,29,8],"tags":[490,26,25,144,190],"class_list":["post-9358","post","type-post","status-publish","format-standard","has-post-thumbnail","hentry","category-birds","category-new-zealand","category-news","tag-bird-of-the-year","tag-bird-photography","tag-birds","tag-new-zealand","tag-photography","entry","has-media"],"yoast_head":"<!-- This site is optimized with the Yoast SEO plugin v27.4 - https:\/\/yoast.com\/product\/yoast-seo-wordpress\/ -->\n<title>Bird of the Year 2018 - Kereru - WildLight Photography<\/title>\n<meta name=\"robots\" content=\"index, follow, max-snippet:-1, max-image-preview:large, max-video-preview:-1\" \/>\n<link rel=\"canonical\" href=\"https:\/\/www.tonywhitehead.com\/wildlight\/archives\/9358\" \/>\n<meta property=\"og:locale\" content=\"en_GB\" \/>\n<meta property=\"og:type\" content=\"article\" \/>\n<meta property=\"og:title\" content=\"Bird of the Year 2018 - Kereru - WildLight Photography\" \/>\n<meta property=\"og:description\" content=\"Last weekend the annual Bird of the Year vote concluded with the New Zealand Pigeon\/Kereru taking the top spot for 2018 and dethroning the Kea which was winner in 2017. Bird of the Year is run by Forest and Bird to raise awareness of New Zealand birds and their habitat. A significant number of our [&hellip;]\" \/>\n<meta property=\"og:url\" content=\"https:\/\/www.tonywhitehead.com\/wildlight\/archives\/9358\" \/>\n<meta property=\"og:site_name\" content=\"WildLight Photography\" \/>\n<meta property=\"article:published_time\" content=\"2018-10-20T18:53:50+00:00\" \/>\n<meta property=\"og:image\" content=\"https:\/\/www.tonywhitehead.com\/wildlight\/wp-content\/uploads\/2014\/09\/Kereru_D3S3362-web.jpg\" \/>\n\t<meta property=\"og:image:width\" content=\"800\" \/>\n\t<meta property=\"og:image:height\" content=\"534\" \/>\n\t<meta property=\"og:image:type\" content=\"image\/jpeg\" \/>\n<meta name=\"author\" content=\"tony\" \/>\n<meta name=\"twitter:label1\" content=\"Written by\" \/>\n\t<meta name=\"twitter:data1\" content=\"tony\" \/>\n\t<meta name=\"twitter:label2\" content=\"Estimated reading time\" \/>\n\t<meta name=\"twitter:data2\" content=\"1 minute\" \/>\n<script type=\"application\/ld+json\" class=\"yoast-schema-graph\">{\"@context\":\"https:\\\/\\\/schema.org\",\"@graph\":[{\"@type\":\"Article\",\"@id\":\"https:\\\/\\\/www.tonywhitehead.com\\\/wildlight\\\/archives\\\/9358#article\",\"isPartOf\":{\"@id\":\"https:\\\/\\\/www.tonywhitehead.com\\\/wildlight\\\/archives\\\/9358\"},\"author\":{\"name\":\"tony\",\"@id\":\"https:\\\/\\\/www.tonywhitehead.com\\\/wildlight\\\/#\\\/schema\\\/person\\\/5cf44f50ed633ae6f6256fd8d79241f0\"},\"headline\":\"Bird of the Year 2018 &#8211; Kereru\",\"datePublished\":\"2018-10-20T18:53:50+00:00\",\"mainEntityOfPage\":{\"@id\":\"https:\\\/\\\/www.tonywhitehead.com\\\/wildlight\\\/archives\\\/9358\"},\"wordCount\":300,\"commentCount\":2,\"image\":{\"@id\":\"https:\\\/\\\/www.tonywhitehead.com\\\/wildlight\\\/archives\\\/9358#primaryimage\"},\"thumbnailUrl\":\"https:\\\/\\\/i0.wp.com\\\/www.tonywhitehead.com\\\/wildlight\\\/wp-content\\\/uploads\\\/2014\\\/09\\\/Kereru_D3S3362-web.jpg?fit=800%2C534&ssl=1\",\"keywords\":[\"bird of the year\",\"bird photography\",\"birds\",\"New Zealand\",\"photography\"],\"articleSection\":[\"birds\",\"New Zealand\",\"news\"],\"inLanguage\":\"en-GB\",\"potentialAction\":[{\"@type\":\"CommentAction\",\"name\":\"Comment\",\"target\":[\"https:\\\/\\\/www.tonywhitehead.com\\\/wildlight\\\/archives\\\/9358#respond\"]}]},{\"@type\":\"WebPage\",\"@id\":\"https:\\\/\\\/www.tonywhitehead.com\\\/wildlight\\\/archives\\\/9358\",\"url\":\"https:\\\/\\\/www.tonywhitehead.com\\\/wildlight\\\/archives\\\/9358\",\"name\":\"Bird of the Year 2018 - Kereru - WildLight Photography\",\"isPartOf\":{\"@id\":\"https:\\\/\\\/www.tonywhitehead.com\\\/wildlight\\\/#website\"},\"primaryImageOfPage\":{\"@id\":\"https:\\\/\\\/www.tonywhitehead.com\\\/wildlight\\\/archives\\\/9358#primaryimage\"},\"image\":{\"@id\":\"https:\\\/\\\/www.tonywhitehead.com\\\/wildlight\\\/archives\\\/9358#primaryimage\"},\"thumbnailUrl\":\"https:\\\/\\\/i0.wp.com\\\/www.tonywhitehead.com\\\/wildlight\\\/wp-content\\\/uploads\\\/2014\\\/09\\\/Kereru_D3S3362-web.jpg?fit=800%2C534&ssl=1\",\"datePublished\":\"2018-10-20T18:53:50+00:00\",\"author\":{\"@id\":\"https:\\\/\\\/www.tonywhitehead.com\\\/wildlight\\\/#\\\/schema\\\/person\\\/5cf44f50ed633ae6f6256fd8d79241f0\"},\"breadcrumb\":{\"@id\":\"https:\\\/\\\/www.tonywhitehead.com\\\/wildlight\\\/archives\\\/9358#breadcrumb\"},\"inLanguage\":\"en-GB\",\"potentialAction\":[{\"@type\":\"ReadAction\",\"target\":[\"https:\\\/\\\/www.tonywhitehead.com\\\/wildlight\\\/archives\\\/9358\"]}]},{\"@type\":\"ImageObject\",\"inLanguage\":\"en-GB\",\"@id\":\"https:\\\/\\\/www.tonywhitehead.com\\\/wildlight\\\/archives\\\/9358#primaryimage\",\"url\":\"https:\\\/\\\/i0.wp.com\\\/www.tonywhitehead.com\\\/wildlight\\\/wp-content\\\/uploads\\\/2014\\\/09\\\/Kereru_D3S3362-web.jpg?fit=800%2C534&ssl=1\",\"contentUrl\":\"https:\\\/\\\/i0.wp.com\\\/www.tonywhitehead.com\\\/wildlight\\\/wp-content\\\/uploads\\\/2014\\\/09\\\/Kereru_D3S3362-web.jpg?fit=800%2C534&ssl=1\",\"width\":800,\"height\":534,\"caption\":\"Kereru in flight\"},{\"@type\":\"BreadcrumbList\",\"@id\":\"https:\\\/\\\/www.tonywhitehead.com\\\/wildlight\\\/archives\\\/9358#breadcrumb\",\"itemListElement\":[{\"@type\":\"ListItem\",\"position\":1,\"name\":\"Home\",\"item\":\"https:\\\/\\\/www.tonywhitehead.com\\\/wildlight\\\/\"},{\"@type\":\"ListItem\",\"position\":2,\"name\":\"Bird of the Year 2018 &#8211; Kereru\"}]},{\"@type\":\"WebSite\",\"@id\":\"https:\\\/\\\/www.tonywhitehead.com\\\/wildlight\\\/#website\",\"url\":\"https:\\\/\\\/www.tonywhitehead.com\\\/wildlight\\\/\",\"name\":\"WildLight Photography\",\"description\":\"Nature Photography by Tony Whitehead\",\"potentialAction\":[{\"@type\":\"SearchAction\",\"target\":{\"@type\":\"EntryPoint\",\"urlTemplate\":\"https:\\\/\\\/www.tonywhitehead.com\\\/wildlight\\\/?s={search_term_string}\"},\"query-input\":{\"@type\":\"PropertyValueSpecification\",\"valueRequired\":true,\"valueName\":\"search_term_string\"}}],\"inLanguage\":\"en-GB\"},{\"@type\":\"Person\",\"@id\":\"https:\\\/\\\/www.tonywhitehead.com\\\/wildlight\\\/#\\\/schema\\\/person\\\/5cf44f50ed633ae6f6256fd8d79241f0\",\"name\":\"tony\",\"image\":{\"@type\":\"ImageObject\",\"inLanguage\":\"en-GB\",\"@id\":\"https:\\\/\\\/secure.gravatar.com\\\/avatar\\\/fcc09a0c3018fb7aab77c8bc477d9f59884f7573178b1a329fb88b10779b4f62?s=96&d=mm&r=g\",\"url\":\"https:\\\/\\\/secure.gravatar.com\\\/avatar\\\/fcc09a0c3018fb7aab77c8bc477d9f59884f7573178b1a329fb88b10779b4f62?s=96&d=mm&r=g\",\"contentUrl\":\"https:\\\/\\\/secure.gravatar.com\\\/avatar\\\/fcc09a0c3018fb7aab77c8bc477d9f59884f7573178b1a329fb88b10779b4f62?s=96&d=mm&r=g\",\"caption\":\"tony\"}}]}<\/script>\n<!-- \/ Yoast SEO plugin. -->","yoast_head_json":{"title":"Bird of the Year 2018 - Kereru - WildLight Photography","robots":{"index":"index","follow":"follow","max-snippet":"max-snippet:-1","max-image-preview":"max-image-preview:large","max-video-preview":"max-video-preview:-1"},"canonical":"https:\/\/www.tonywhitehead.com\/wildlight\/archives\/9358","og_locale":"en_GB","og_type":"article","og_title":"Bird of the Year 2018 - Kereru - WildLight Photography","og_description":"Last weekend the annual Bird of the Year vote concluded with the New Zealand Pigeon\/Kereru taking the top spot for 2018 and dethroning the Kea which was winner in 2017. Bird of the Year is run by Forest and Bird to raise awareness of New Zealand birds and their habitat. A significant number of our [&hellip;]","og_url":"https:\/\/www.tonywhitehead.com\/wildlight\/archives\/9358","og_site_name":"WildLight Photography","article_published_time":"2018-10-20T18:53:50+00:00","og_image":[{"width":800,"height":534,"url":"https:\/\/www.tonywhitehead.com\/wildlight\/wp-content\/uploads\/2014\/09\/Kereru_D3S3362-web.jpg","type":"image\/jpeg"}],"author":"tony","twitter_misc":{"Written by":"tony","Estimated reading time":"1 minute"},"schema":{"@context":"https:\/\/schema.org","@graph":[{"@type":"Article","@id":"https:\/\/www.tonywhitehead.com\/wildlight\/archives\/9358#article","isPartOf":{"@id":"https:\/\/www.tonywhitehead.com\/wildlight\/archives\/9358"},"author":{"name":"tony","@id":"https:\/\/www.tonywhitehead.com\/wildlight\/#\/schema\/person\/5cf44f50ed633ae6f6256fd8d79241f0"},"headline":"Bird of the Year 2018 &#8211; Kereru","datePublished":"2018-10-20T18:53:50+00:00","mainEntityOfPage":{"@id":"https:\/\/www.tonywhitehead.com\/wildlight\/archives\/9358"},"wordCount":300,"commentCount":2,"image":{"@id":"https:\/\/www.tonywhitehead.com\/wildlight\/archives\/9358#primaryimage"},"thumbnailUrl":"https:\/\/i0.wp.com\/www.tonywhitehead.com\/wildlight\/wp-content\/uploads\/2014\/09\/Kereru_D3S3362-web.jpg?fit=800%2C534&ssl=1","keywords":["bird of the year","bird photography","birds","New Zealand","photography"],"articleSection":["birds","New Zealand","news"],"inLanguage":"en-GB","potentialAction":[{"@type":"CommentAction","name":"Comment","target":["https:\/\/www.tonywhitehead.com\/wildlight\/archives\/9358#respond"]}]},{"@type":"WebPage","@id":"https:\/\/www.tonywhitehead.com\/wildlight\/archives\/9358","url":"https:\/\/www.tonywhitehead.com\/wildlight\/archives\/9358","name":"Bird of the Year 2018 - Kereru - WildLight Photography","isPartOf":{"@id":"https:\/\/www.tonywhitehead.com\/wildlight\/#website"},"primaryImageOfPage":{"@id":"https:\/\/www.tonywhitehead.com\/wildlight\/archives\/9358#primaryimage"},"image":{"@id":"https:\/\/www.tonywhitehead.com\/wildlight\/archives\/9358#primaryimage"},"thumbnailUrl":"https:\/\/i0.wp.com\/www.tonywhitehead.com\/wildlight\/wp-content\/uploads\/2014\/09\/Kereru_D3S3362-web.jpg?fit=800%2C534&ssl=1","datePublished":"2018-10-20T18:53:50+00:00","author":{"@id":"https:\/\/www.tonywhitehead.com\/wildlight\/#\/schema\/person\/5cf44f50ed633ae6f6256fd8d79241f0"},"breadcrumb":{"@id":"https:\/\/www.tonywhitehead.com\/wildlight\/archives\/9358#breadcrumb"},"inLanguage":"en-GB","potentialAction":[{"@type":"ReadAction","target":["https:\/\/www.tonywhitehead.com\/wildlight\/archives\/9358"]}]},{"@type":"ImageObject","inLanguage":"en-GB","@id":"https:\/\/www.tonywhitehead.com\/wildlight\/archives\/9358#primaryimage","url":"https:\/\/i0.wp.com\/www.tonywhitehead.com\/wildlight\/wp-content\/uploads\/2014\/09\/Kereru_D3S3362-web.jpg?fit=800%2C534&ssl=1","contentUrl":"https:\/\/i0.wp.com\/www.tonywhitehead.com\/wildlight\/wp-content\/uploads\/2014\/09\/Kereru_D3S3362-web.jpg?fit=800%2C534&ssl=1","width":800,"height":534,"caption":"Kereru in flight"},{"@type":"BreadcrumbList","@id":"https:\/\/www.tonywhitehead.com\/wildlight\/archives\/9358#breadcrumb","itemListElement":[{"@type":"ListItem","position":1,"name":"Home","item":"https:\/\/www.tonywhitehead.com\/wildlight\/"},{"@type":"ListItem","position":2,"name":"Bird of the Year 2018 &#8211; Kereru"}]},{"@type":"WebSite","@id":"https:\/\/www.tonywhitehead.com\/wildlight\/#website","url":"https:\/\/www.tonywhitehead.com\/wildlight\/","name":"WildLight Photography","description":"Nature Photography by Tony Whitehead","potentialAction":[{"@type":"SearchAction","target":{"@type":"EntryPoint","urlTemplate":"https:\/\/www.tonywhitehead.com\/wildlight\/?s={search_term_string}"},"query-input":{"@type":"PropertyValueSpecification","valueRequired":true,"valueName":"search_term_string"}}],"inLanguage":"en-GB"},{"@type":"Person","@id":"https:\/\/www.tonywhitehead.com\/wildlight\/#\/schema\/person\/5cf44f50ed633ae6f6256fd8d79241f0","name":"tony","image":{"@type":"ImageObject","inLanguage":"en-GB","@id":"https:\/\/secure.gravatar.com\/avatar\/fcc09a0c3018fb7aab77c8bc477d9f59884f7573178b1a329fb88b10779b4f62?s=96&d=mm&r=g","url":"https:\/\/secure.gravatar.com\/avatar\/fcc09a0c3018fb7aab77c8bc477d9f59884f7573178b1a329fb88b10779b4f62?s=96&d=mm&r=g","contentUrl":"https:\/\/secure.gravatar.com\/avatar\/fcc09a0c3018fb7aab77c8bc477d9f59884f7573178b1a329fb88b10779b4f62?s=96&d=mm&r=g","caption":"tony"}}]}},"jetpack_publicize_connections":[],"jetpack_featured_media_url":"https:\/\/i0.wp.com\/www.tonywhitehead.com\/wildlight\/wp-content\/uploads\/2014\/09\/Kereru_D3S3362-web.jpg?fit=800%2C534&ssl=1","jetpack_likes_enabled":true,"jetpack_sharing_enabled":true,"jetpack_shortlink":"https:\/\/wp.me\/p3ThZJ-2qW","jetpack-related-posts":[{"id":9190,"url":"https:\/\/www.tonywhitehead.com\/wildlight\/archives\/9190","url_meta":{"origin":9358,"position":0},"title":"Tokaanu wharf","author":"tony","date":"August 5, 2018","format":false,"excerpt":"This week we're back to our Turangi trip to photograph Blue Ducks on the Tongariro River. While in the area we decided to visit the Tokaanu wharf which is a great spot of the southern end of Lake Taupo. It is a short drive from Turangi and well worth the\u2026","rel":"","context":"In &quot;birds&quot;","block_context":{"text":"birds","link":"https:\/\/www.tonywhitehead.com\/wildlight\/archives\/category\/birds"},"img":{"alt_text":"","src":"https:\/\/i0.wp.com\/www.tonywhitehead.com\/wildlight\/wp-content\/uploads\/2018\/07\/Scaup-DSC_5877-weblogo.jpg?fit=960%2C640&ssl=1&resize=350%2C200","width":350,"height":200,"srcset":"https:\/\/i0.wp.com\/www.tonywhitehead.com\/wildlight\/wp-content\/uploads\/2018\/07\/Scaup-DSC_5877-weblogo.jpg?fit=960%2C640&ssl=1&resize=350%2C200 1x, https:\/\/i0.wp.com\/www.tonywhitehead.com\/wildlight\/wp-content\/uploads\/2018\/07\/Scaup-DSC_5877-weblogo.jpg?fit=960%2C640&ssl=1&resize=525%2C300 1.5x, https:\/\/i0.wp.com\/www.tonywhitehead.com\/wildlight\/wp-content\/uploads\/2018\/07\/Scaup-DSC_5877-weblogo.jpg?fit=960%2C640&ssl=1&resize=700%2C400 2x"},"classes":[]},{"id":1549,"url":"https:\/\/www.tonywhitehead.com\/wildlight\/archives\/1549","url_meta":{"origin":9358,"position":1},"title":"New Zealand Pigeon &#8211; Kereru","author":"tony","date":"August 17, 2014","format":false,"excerpt":"This weekend was destined to be a weekend for New Zealand Pigeons, although not quite as planned. A friend had noticed a pair in a tree at their kindergarten so had contacted us and dropped off a key so that we could pop in over the weekend to photograph them.\u2026","rel":"","context":"In &quot;biology&quot;","block_context":{"text":"biology","link":"https:\/\/www.tonywhitehead.com\/wildlight\/archives\/category\/biology"},"img":{"alt_text":"","src":"https:\/\/i0.wp.com\/www.tonywhitehead.com\/wildlight\/wp-content\/uploads\/2014\/08\/Kereru_D808948-web.jpg?fit=800%2C534&ssl=1&resize=350%2C200","width":350,"height":200,"srcset":"https:\/\/i0.wp.com\/www.tonywhitehead.com\/wildlight\/wp-content\/uploads\/2014\/08\/Kereru_D808948-web.jpg?fit=800%2C534&ssl=1&resize=350%2C200 1x, https:\/\/i0.wp.com\/www.tonywhitehead.com\/wildlight\/wp-content\/uploads\/2014\/08\/Kereru_D808948-web.jpg?fit=800%2C534&ssl=1&resize=525%2C300 1.5x, https:\/\/i0.wp.com\/www.tonywhitehead.com\/wildlight\/wp-content\/uploads\/2014\/08\/Kereru_D808948-web.jpg?fit=800%2C534&ssl=1&resize=700%2C400 2x"},"classes":[]},{"id":1635,"url":"https:\/\/www.tonywhitehead.com\/wildlight\/archives\/1635","url_meta":{"origin":9358,"position":2},"title":"Another Okareka afternoon","author":"tony","date":"September 4, 2014","format":false,"excerpt":"The Spring switch was definitely flicked this week with warm days and intense light welcoming the changing season. After work on Wednesday a quick trip up the road to Lake Okareka was organised with Edin being the driving force, keen to make the most of her opportunities while back home\u2026","rel":"","context":"In &quot;birds&quot;","block_context":{"text":"birds","link":"https:\/\/www.tonywhitehead.com\/wildlight\/archives\/category\/birds"},"img":{"alt_text":"","src":"https:\/\/i0.wp.com\/www.tonywhitehead.com\/wildlight\/wp-content\/uploads\/2014\/09\/PiedStilt_D3S3428-web.jpg?resize=350%2C200&ssl=1","width":350,"height":200,"srcset":"https:\/\/i0.wp.com\/www.tonywhitehead.com\/wildlight\/wp-content\/uploads\/2014\/09\/PiedStilt_D3S3428-web.jpg?resize=350%2C200&ssl=1 1x, https:\/\/i0.wp.com\/www.tonywhitehead.com\/wildlight\/wp-content\/uploads\/2014\/09\/PiedStilt_D3S3428-web.jpg?resize=525%2C300&ssl=1 1.5x, https:\/\/i0.wp.com\/www.tonywhitehead.com\/wildlight\/wp-content\/uploads\/2014\/09\/PiedStilt_D3S3428-web.jpg?resize=700%2C400&ssl=1 2x"},"classes":[]},{"id":15221,"url":"https:\/\/www.tonywhitehead.com\/wildlight\/archives\/15221","url_meta":{"origin":9358,"position":3},"title":"Walking Around the Mount with the Nikon Z9","author":"tony","date":"February 20, 2022","format":false,"excerpt":"Wildlife photographed on a walk around Mount Mauganui\/mauao","rel":"","context":"In &quot;Bird Photography&quot;","block_context":{"text":"Bird Photography","link":"https:\/\/www.tonywhitehead.com\/wildlight\/archives\/category\/bird-photography"},"img":{"alt_text":"Photo of a New Zealand Fur Seal\/kekeno Arctocephalus forsteri","src":"https:\/\/i0.wp.com\/www.tonywhitehead.com\/wildlight\/wp-content\/uploads\/2022\/02\/NZ9_4660-9.jpg?fit=1080%2C720&ssl=1&resize=350%2C200","width":350,"height":200,"srcset":"https:\/\/i0.wp.com\/www.tonywhitehead.com\/wildlight\/wp-content\/uploads\/2022\/02\/NZ9_4660-9.jpg?fit=1080%2C720&ssl=1&resize=350%2C200 1x, https:\/\/i0.wp.com\/www.tonywhitehead.com\/wildlight\/wp-content\/uploads\/2022\/02\/NZ9_4660-9.jpg?fit=1080%2C720&ssl=1&resize=525%2C300 1.5x, https:\/\/i0.wp.com\/www.tonywhitehead.com\/wildlight\/wp-content\/uploads\/2022\/02\/NZ9_4660-9.jpg?fit=1080%2C720&ssl=1&resize=700%2C400 2x, https:\/\/i0.wp.com\/www.tonywhitehead.com\/wildlight\/wp-content\/uploads\/2022\/02\/NZ9_4660-9.jpg?fit=1080%2C720&ssl=1&resize=1050%2C600 3x"},"classes":[]},{"id":12880,"url":"https:\/\/www.tonywhitehead.com\/wildlight\/archives\/12880","url_meta":{"origin":9358,"position":4},"title":"T\u0101wharanui T\u012beke","author":"tony","date":"September 20, 2020","format":false,"excerpt":"Photographing T\u012beke\/North Island Saddleback at T\u0101wharanui Regional Park.","rel":"","context":"In &quot;birds&quot;","block_context":{"text":"birds","link":"https:\/\/www.tonywhitehead.com\/wildlight\/archives\/category\/birds"},"img":{"alt_text":"Photo of a T\u012beke\/North Island Saddleback","src":"https:\/\/i0.wp.com\/www.tonywhitehead.com\/wildlight\/wp-content\/uploads\/2020\/09\/Saddleback-D85_0585-web.jpg?fit=960%2C640&ssl=1&resize=350%2C200","width":350,"height":200,"srcset":"https:\/\/i0.wp.com\/www.tonywhitehead.com\/wildlight\/wp-content\/uploads\/2020\/09\/Saddleback-D85_0585-web.jpg?fit=960%2C640&ssl=1&resize=350%2C200 1x, https:\/\/i0.wp.com\/www.tonywhitehead.com\/wildlight\/wp-content\/uploads\/2020\/09\/Saddleback-D85_0585-web.jpg?fit=960%2C640&ssl=1&resize=525%2C300 1.5x, https:\/\/i0.wp.com\/www.tonywhitehead.com\/wildlight\/wp-content\/uploads\/2020\/09\/Saddleback-D85_0585-web.jpg?fit=960%2C640&ssl=1&resize=700%2C400 2x"},"classes":[]},{"id":9773,"url":"https:\/\/www.tonywhitehead.com\/wildlight\/archives\/9773","url_meta":{"origin":9358,"position":5},"title":"McLaren Falls photowalk","author":"tony","date":"February 17, 2019","format":false,"excerpt":"Last weekend, Edin and I enjoyed a McLaren Falls photowalk organised by Kim Westerskov. Kim runs a regular evening on the first Tuesday of the month for photographers to share images and enthusiasm about photography. I had missed the most recent Tuesday as I had been up north on a\u2026","rel":"","context":"In &quot;birds&quot;","block_context":{"text":"birds","link":"https:\/\/www.tonywhitehead.com\/wildlight\/archives\/category\/birds"},"img":{"alt_text":"","src":"https:\/\/i0.wp.com\/www.tonywhitehead.com\/wildlight\/wp-content\/uploads\/2019\/02\/CootChick-D5C_6825-web.jpg?fit=960%2C640&ssl=1&resize=350%2C200","width":350,"height":200,"srcset":"https:\/\/i0.wp.com\/www.tonywhitehead.com\/wildlight\/wp-content\/uploads\/2019\/02\/CootChick-D5C_6825-web.jpg?fit=960%2C640&ssl=1&resize=350%2C200 1x, https:\/\/i0.wp.com\/www.tonywhitehead.com\/wildlight\/wp-content\/uploads\/2019\/02\/CootChick-D5C_6825-web.jpg?fit=960%2C640&ssl=1&resize=525%2C300 1.5x, https:\/\/i0.wp.com\/www.tonywhitehead.com\/wildlight\/wp-content\/uploads\/2019\/02\/CootChick-D5C_6825-web.jpg?fit=960%2C640&ssl=1&resize=700%2C400 2x"},"classes":[]}],"_links":{"self":[{"href":"https:\/\/www.tonywhitehead.com\/wildlight\/wp-json\/wp\/v2\/posts\/9358","targetHints":{"allow":["GET"]}}],"collection":[{"href":"https:\/\/www.tonywhitehead.com\/wildlight\/wp-json\/wp\/v2\/posts"}],"about":[{"href":"https:\/\/www.tonywhitehead.com\/wildlight\/wp-json\/wp\/v2\/types\/post"}],"author":[{"embeddable":true,"href":"https:\/\/www.tonywhitehead.com\/wildlight\/wp-json\/wp\/v2\/users\/1"}],"replies":[{"embeddable":true,"href":"https:\/\/www.tonywhitehead.com\/wildlight\/wp-json\/wp\/v2\/comments?post=9358"}],"version-history":[{"count":0,"href":"https:\/\/www.tonywhitehead.com\/wildlight\/wp-json\/wp\/v2\/posts\/9358\/revisions"}],"wp:featuredmedia":[{"embeddable":true,"href":"https:\/\/www.tonywhitehead.com\/wildlight\/wp-json\/wp\/v2\/media\/1631"}],"wp:attachment":[{"href":"https:\/\/www.tonywhitehead.com\/wildlight\/wp-json\/wp\/v2\/media?parent=9358"}],"wp:term":[{"taxonomy":"category","embeddable":true,"href":"https:\/\/www.tonywhitehead.com\/wildlight\/wp-json\/wp\/v2\/categories?post=9358"},{"taxonomy":"post_tag","embeddable":true,"href":"https:\/\/www.tonywhitehead.com\/wildlight\/wp-json\/wp\/v2\/tags?post=9358"}],"curies":[{"name":"wp","href":"https:\/\/api.w.org\/{rel}","templated":true}]}}